{"id":7343,"date":"2025-12-08T17:26:00","date_gmt":"2025-12-08T17:26:00","guid":{"rendered":"https:\/\/partidogaleguista.org\/?p=7343"},"modified":"2026-01-03T17:29:26","modified_gmt":"2026-01-03T17:29:26","slug":"nota-informativa-a-militancia-e-seguidores","status":"publish","type":"post","link":"https:\/\/partidogaleguista.org\/index.php\/2025\/12\/08\/nota-informativa-a-militancia-e-seguidores\/","title":{"rendered":"Nota informativa \u00e1 militancia e seguidores"},"content":{"rendered":"\n<p>Estimadas\/os compa\u00f1eiras\/os:<\/p>\n\n\n\n<p>O Partido Galeguista comunica a s\u00faa reactivaci\u00f3n e reorganizaci\u00f3n interna, conforme \u00e1 decisi\u00f3n adoptada pola Presidencia e os novos \u00f3rganos de direcci\u00f3n, en cumprimento dos nosos Estatutos.<\/p>\n\n\n\n<hr class=\"wp-block-separator has-alpha-channel-opacity\"\/>\n\n\n\n<p><strong>1. Cambio na Coordinaci\u00f3n Xeral<\/strong><\/p>\n\n\n\n<p>Informamos que, a petici\u00f3n propia, o anterior Coordinador Xeral cesou no cargo en data anterior, conforme ao <strong>Artigo 18.4<\/strong> dos Estatutos:<br><em>&#8220;Os cargos org\u00e1nicos poder\u00e1n renunciar voluntariamente mediante comunicaci\u00f3n escrita \u00e1 Presidencia ou ao \u00f3rgano directivo competente, producindo efectos desde a s\u00faa aceptaci\u00f3n e inscrici\u00f3n en acta.&#8221;<\/em><\/p>\n\n\n\n<p>O novo Coordinador Xeral, <strong>D. Jos\u00e9 Gregorio Gonz\u00e1lez P\u00e9rez<\/strong> asumiu o cargo con data 8\/12\/2025, en aplicaci\u00f3n do <strong>Artigo 12.4<\/strong> e <strong>Artigo 19.1<\/strong>, que permiten ao Presidente nomear provisoriamente ao Coordinador Xeral en situaci\u00f3n extraordinaria.<\/p>\n\n\n\n<hr class=\"wp-block-separator has-alpha-channel-opacity\"\/>\n\n\n\n<p><strong>2. Nova Directiva Provisional<\/strong><\/p>\n\n\n\n<p>Conforme ao <strong>Artigo 12.3<\/strong>:<br><em>&#8220;En caso de vacante, disoluci\u00f3n ou inactividade do \u00f3rgano directivo, o Presidente poder\u00e1 constitu\u00edr unha Directiva provisional para garantir a continuidade legal e operativa do Partido.&#8221;<\/em><\/p>\n\n\n\n<p>A Directiva provisional quedou constitu\u00edda para garantir a organizaci\u00f3n e continuidade do partido, e est\u00e1 formada por Xes\u00fas Manuel Su\u00e1rez Garc\u00eda como Presidente, Jos\u00e9 Gregorio Gonz\u00e1lez P\u00e9rez como Coordinador Nacional e Antonio Dieter, Miguel Antonio Pi\u00f1eiro Moure e Antonio Dieter Moure Are\u00e1n.<\/p>\n\n\n\n<p>O primeiro labor desta Directiva ser\u00e1 regularizar a estrutura e os rexistros do Partido, tendo en conta que non consta a existencia de rexistros, libros de contas e outra documentaci\u00f3n pertinente do partido, que se lle te\u00f1en reclamado ao anterior Coordenador Nacional, sin que este os te\u00f1a facilitado.<\/p>\n\n\n\n<p>Xes\u00fas Manuel Su\u00e1rez Garc\u00eda.<\/p>\n\n\n\n<p>Presidente. Partido Galeguista<\/p>\n","protected":false},"excerpt":{"rendered":"<p>Estimadas\/os compa\u00f1eiras\/os: O Partido Galeguista comunica a s\u00faa reactivaci\u00f3n e reorganizaci\u00f3n interna, conforme \u00e1 decisi\u00f3n adoptada pola Presidencia e os novos \u00f3rganos de direcci\u00f3n, en cumprimento dos nosos Estatutos. 1. Cambio na Coordinaci\u00f3n Xeral Informamos que, a petici\u00f3n propia, o anterior Coordinador Xeral cesou no cargo en data anterior, conforme ao Artigo 18.4 dos Estatutos:&#8220;Os [&hellip;]<\/p>\n","protected":false},"author":1,"featured_media":7001,"comment_status":"open","ping_status":"open","sticky":false,"template":"","format":"standard","meta":{"saved_in_kubio":false,"footnotes":""},"categories":[1],"tags":[],"class_list":["post-7343","post","type-post","status-publish","format-standard","has-post-thumbnail","hentry","category-novas"],"_links":{"self":[{"href":"https:\/\/partidogaleguista.org\/index.php\/wp-json\/wp\/v2\/posts\/7343","targetHints":{"allow":["GET"]}}],"collection":[{"href":"https:\/\/partidogaleguista.org\/index.php\/wp-json\/wp\/v2\/posts"}],"about":[{"href":"https:\/\/partidogaleguista.org\/index.php\/wp-json\/wp\/v2\/types\/post"}],"author":[{"embeddable":true,"href":"https:\/\/partidogaleguista.org\/index.php\/wp-json\/wp\/v2\/users\/1"}],"replies":[{"embeddable":true,"href":"https:\/\/partidogaleguista.org\/index.php\/wp-json\/wp\/v2\/comments?post=7343"}],"version-history":[{"count":1,"href":"https:\/\/partidogaleguista.org\/index.php\/wp-json\/wp\/v2\/posts\/7343\/revisions"}],"predecessor-version":[{"id":7344,"href":"https:\/\/partidogaleguista.org\/index.php\/wp-json\/wp\/v2\/posts\/7343\/revisions\/7344"}],"wp:featuredmedia":[{"embeddable":true,"href":"https:\/\/partidogaleguista.org\/index.php\/wp-json\/wp\/v2\/media\/7001"}],"wp:attachment":[{"href":"https:\/\/partidogaleguista.org\/index.php\/wp-json\/wp\/v2\/media?parent=7343"}],"wp:term":[{"taxonomy":"category","embeddable":true,"href":"https:\/\/partidogaleguista.org\/index.php\/wp-json\/wp\/v2\/categories?post=7343"},{"taxonomy":"post_tag","embeddable":true,"href":"https:\/\/partidogaleguista.org\/index.php\/wp-json\/wp\/v2\/tags?post=7343"}],"curies":[{"name":"wp","href":"https:\/\/api.w.org\/{rel}","templated":true}]}}