{"id":7336,"date":"2025-12-07T20:00:21","date_gmt":"2025-12-07T20:00:21","guid":{"rendered":"https:\/\/partidogaleguista.org\/?p=7336"},"modified":"2025-12-07T20:00:22","modified_gmt":"2025-12-07T20:00:22","slug":"94-anos-do-pg","status":"publish","type":"post","link":"https:\/\/partidogaleguista.org\/index.php\/2025\/12\/07\/94-anos-do-pg\/","title":{"rendered":"94 anos do PG"},"content":{"rendered":"\n<p>Hai 94 anos persoas e organizaci\u00f3ns de moi diversa orixe xunt\u00e1ronse pra constitu\u00edr o Partido Galeguista, unha forza imprescindible pra dar reco\u00f1ecemento pol\u00edtico \u00e1 realidade nacional galega.<\/p>\n\n\n\n<p>Mirar pra atr\u00e1s non debe servir pr\u00e1 nostalxia, sen\u00f3n pra aprender do pasado e conformar un mellor futuro.<\/p>\n\n\n\n<p>Os que se xuntaron naquela data fix\u00e9rono dende a xenerosidade e a capacidade de tender pontes enter os diferentes pra identificar o com\u00fan. Este \u00e9 o reto que hoxe temos por diante, nun intre no que seguen a proliferar diferentes propostas que xeran m\u00e1is minifundio pol\u00edtico e limitan a capacidade de conformar unha forza galeguista transversal propia.<\/p>\n\n\n\n<p>Aqueles galeguistas foron antes ca nada inconformistas, pero tam\u00e9n pragm\u00e1ticos. Do mesmo xeito hoxe temos que ser fondamente inconformistas ca realidade pol\u00edtica presente e \u00f3 mesmo tempo ser qu\u00e9n de constru\u00edr con sentidi\u00f1o, cos m\u00e1is elevados ouxetivos, pero os m\u00e1is atemperados instrumentos.<\/p>\n\n\n\n<p>Deles tam\u00e9n temos que aprender que, en palabras de Castelao, \u201co verdadeiro hero\u00edsmo consiste en transformar desexos en realidades, e as ideas en feitos\u201d. Convidamos a t\u00f3dolos galeguistas a que fagan a s\u00faa aportaci\u00f3n pra po\u00f1er no seu sitio ao Partido Galeguista que o pa\u00eds precisa.<\/p>\n","protected":false},"excerpt":{"rendered":"<p>Hai 94 anos persoas e organizaci\u00f3ns de moi diversa orixe xunt\u00e1ronse pra constitu\u00edr o Partido Galeguista, unha forza imprescindible pra dar reco\u00f1ecemento pol\u00edtico \u00e1 realidade nacional galega. Mirar pra atr\u00e1s non debe servir pr\u00e1 nostalxia, sen\u00f3n pra aprender do pasado e conformar un mellor futuro. Os que se xuntaron naquela data fix\u00e9rono dende a xenerosidade [&hellip;]<\/p>\n","protected":false},"author":1,"featured_media":7337,"comment_status":"open","ping_status":"open","sticky":false,"template":"","format":"standard","meta":{"saved_in_kubio":false,"footnotes":""},"categories":[1],"tags":[],"class_list":["post-7336","post","type-post","status-publish","format-standard","has-post-thumbnail","hentry","category-novas"],"_links":{"self":[{"href":"https:\/\/partidogaleguista.org\/index.php\/wp-json\/wp\/v2\/posts\/7336","targetHints":{"allow":["GET"]}}],"collection":[{"href":"https:\/\/partidogaleguista.org\/index.php\/wp-json\/wp\/v2\/posts"}],"about":[{"href":"https:\/\/partidogaleguista.org\/index.php\/wp-json\/wp\/v2\/types\/post"}],"author":[{"embeddable":true,"href":"https:\/\/partidogaleguista.org\/index.php\/wp-json\/wp\/v2\/users\/1"}],"replies":[{"embeddable":true,"href":"https:\/\/partidogaleguista.org\/index.php\/wp-json\/wp\/v2\/comments?post=7336"}],"version-history":[{"count":1,"href":"https:\/\/partidogaleguista.org\/index.php\/wp-json\/wp\/v2\/posts\/7336\/revisions"}],"predecessor-version":[{"id":7338,"href":"https:\/\/partidogaleguista.org\/index.php\/wp-json\/wp\/v2\/posts\/7336\/revisions\/7338"}],"wp:featuredmedia":[{"embeddable":true,"href":"https:\/\/partidogaleguista.org\/index.php\/wp-json\/wp\/v2\/media\/7337"}],"wp:attachment":[{"href":"https:\/\/partidogaleguista.org\/index.php\/wp-json\/wp\/v2\/media?parent=7336"}],"wp:term":[{"taxonomy":"category","embeddable":true,"href":"https:\/\/partidogaleguista.org\/index.php\/wp-json\/wp\/v2\/categories?post=7336"},{"taxonomy":"post_tag","embeddable":true,"href":"https:\/\/partidogaleguista.org\/index.php\/wp-json\/wp\/v2\/tags?post=7336"}],"curies":[{"name":"wp","href":"https:\/\/api.w.org\/{rel}","templated":true}]}}