{"id":7332,"date":"2025-08-17T17:18:42","date_gmt":"2025-08-17T17:18:42","guid":{"rendered":"https:\/\/partidogaleguista.org\/?p=7332"},"modified":"2025-08-17T17:18:43","modified_gmt":"2025-08-17T17:18:43","slug":"comunicado-do-partido-galeguista-diante-da-vaga-de-incendios","status":"publish","type":"post","link":"https:\/\/partidogaleguista.org\/index.php\/2025\/08\/17\/comunicado-do-partido-galeguista-diante-da-vaga-de-incendios\/","title":{"rendered":"Comunicado do Partido Galeguista diante da vaga de incendios"},"content":{"rendered":"\n<p><\/p>\n\n\n\n<p>O ceo de media Galicia tinguiuse de marr\u00f3n, as nosas \u00e1rbores esva\u00e9ronlle nunha tolemia de lume e os nosos soutos, fragas e outeiros esfrangull\u00e1ronse en borralla. Perdemos paisaxe, perdemos riqueza, perdemos aire, <strong>perdemos pa\u00eds, e perd\u00e9molo todos<\/strong>, os ricos e os probes, os nacionalistas e os non nacionalistas, os da esquerda e os da dereita.<\/p>\n\n\n\n<p>Por iso mesmo, a loita contra o lume non se pode constru\u00edr cuns contra outros, porque a todos nos afecta e todos somos responsables de afrontala. <strong>\u00c9 unha situaci\u00f3n de emerxencia nacional que require unha pol\u00edtica de pa\u00eds<\/strong>. Non podemos permitirnos o luxo de tirar proveito pol\u00edtico, porque non hai ning\u00fan proveito que tirar. Convocamos as\u00ed a t\u00f3dalas forzas pol\u00edticas a que recuperemos conxuntamente a perspectiva da <strong>responsabilidade compartida e conformemos entre todos un amplo consenso no que todos turremos do mesmo lado<\/strong>.<\/p>\n\n\n\n<p>Agora xa \u00e9 tarde pra esta vaga, pero debemos deprender que a loita contra o lume <strong>comeza no inverno, nunha pol\u00edtica preventiva e de longo prazo<\/strong>, que incl\u00faa:<\/p>\n\n\n\n<ul class=\"wp-block-list\">\n<li>O mantemento da <strong>limitaci\u00f3n \u00e1 prantaci\u00f3n de especies alleas<\/strong>, como o eucalipto, e <strong>a promoci\u00f3n de \u00e1rbores do pa\u00eds<\/strong>, como o casti\u00f1eiro e o carballo, m\u00e1is resistentes ao lume.<\/li>\n\n\n\n<li>Unha pol\u00edtica que promova a <strong>rendibilidade do cultivo dos mon<\/strong>tes completando os ciclo produtivos no pa\u00eds.<\/li>\n\n\n\n<li>O afondamento na iniciativa do <strong>banco de montes<\/strong>, que permita o aproveitamento e coidado de terras abandonadas.<\/li>\n\n\n\n<li>O reco\u00f1ecemento da <strong>titularidade vici\u00f1al dos montes en man com\u00fan<\/strong> e o apoio activo por parte da administraci\u00f3n \u00e1 s\u00faa esplotaci\u00f3n.<\/li>\n\n\n\n<li>A <strong>recuperaci\u00f3n da poboaci\u00f3n rural<\/strong> con medidas promotoras de asentamento.<\/li>\n\n\n\n<li>A <strong>mellor dotaci\u00f3n de recursos humanos e materiais<\/strong>. Nese senso volvemos apelar \u00e1 conformaci\u00f3n dunha <strong>pol\u00edtica de consenso en \u00e1reas sensibles<\/strong>, neste caso unha pol\u00edtica de estado, que evite a limitaci\u00f3n na dotaci\u00f3n de orzamentos pola incapacidade pra aprobar os orzamentos anuais.<\/li>\n<\/ul>\n\n\n\n<p>16 de agosto do 2025<\/p>\n","protected":false},"excerpt":{"rendered":"<p>O ceo de media Galicia tinguiuse de marr\u00f3n, as nosas \u00e1rbores esva\u00e9ronlle nunha tolemia de lume e os nosos soutos, fragas e outeiros esfrangull\u00e1ronse en borralla. Perdemos paisaxe, perdemos riqueza, perdemos aire, perdemos pa\u00eds, e perd\u00e9molo todos, os ricos e os probes, os nacionalistas e os non nacionalistas, os da esquerda e os da dereita. [&hellip;]<\/p>\n","protected":false},"author":1,"featured_media":7333,"comment_status":"open","ping_status":"open","sticky":false,"template":"","format":"standard","meta":{"saved_in_kubio":false,"footnotes":""},"categories":[1],"tags":[],"class_list":["post-7332","post","type-post","status-publish","format-standard","has-post-thumbnail","hentry","category-novas"],"_links":{"self":[{"href":"https:\/\/partidogaleguista.org\/index.php\/wp-json\/wp\/v2\/posts\/7332","targetHints":{"allow":["GET"]}}],"collection":[{"href":"https:\/\/partidogaleguista.org\/index.php\/wp-json\/wp\/v2\/posts"}],"about":[{"href":"https:\/\/partidogaleguista.org\/index.php\/wp-json\/wp\/v2\/types\/post"}],"author":[{"embeddable":true,"href":"https:\/\/partidogaleguista.org\/index.php\/wp-json\/wp\/v2\/users\/1"}],"replies":[{"embeddable":true,"href":"https:\/\/partidogaleguista.org\/index.php\/wp-json\/wp\/v2\/comments?post=7332"}],"version-history":[{"count":1,"href":"https:\/\/partidogaleguista.org\/index.php\/wp-json\/wp\/v2\/posts\/7332\/revisions"}],"predecessor-version":[{"id":7334,"href":"https:\/\/partidogaleguista.org\/index.php\/wp-json\/wp\/v2\/posts\/7332\/revisions\/7334"}],"wp:featuredmedia":[{"embeddable":true,"href":"https:\/\/partidogaleguista.org\/index.php\/wp-json\/wp\/v2\/media\/7333"}],"wp:attachment":[{"href":"https:\/\/partidogaleguista.org\/index.php\/wp-json\/wp\/v2\/media?parent=7332"}],"wp:term":[{"taxonomy":"category","embeddable":true,"href":"https:\/\/partidogaleguista.org\/index.php\/wp-json\/wp\/v2\/categories?post=7332"},{"taxonomy":"post_tag","embeddable":true,"href":"https:\/\/partidogaleguista.org\/index.php\/wp-json\/wp\/v2\/tags?post=7332"}],"curies":[{"name":"wp","href":"https:\/\/api.w.org\/{rel}","templated":true}]}}