{"id":4706,"date":"2025-07-03T19:26:51","date_gmt":"2025-07-03T19:26:51","guid":{"rendered":"https:\/\/partidogaleguista.org\/?p=4706"},"modified":"2025-07-04T07:30:16","modified_gmt":"2025-07-04T07:30:16","slug":"castelao-o-primeiro-presidente-de-galicia","status":"publish","type":"post","link":"https:\/\/partidogaleguista.org\/index.php\/2025\/07\/03\/castelao-o-primeiro-presidente-de-galicia\/","title":{"rendered":"Castelao o Primeiro Presidente de Galicia"},"content":{"rendered":"\n<p>Intervenci\u00f3n de\u00a0<strong>D.\u00a0Xes\u00fas Manuel Su\u00e1rez Garc\u00eda<\/strong>\u00a0<strong><em>(Presidente do PG)<\/em><\/strong><\/p>\n\n\n\n<p><\/p>\n\n\n\n<figure class=\"wp-block-video\"><video controls src=\"https:\/\/partidogaleguista.org\/MANOLO-INTER.mp4\"><\/video><\/figure>\n\n\n\n<p><\/p>\n\n\n\n<p>O Partido Galeguista e as entidades da emigraci\u00f3n de Buenos Aires (Federaci\u00f3n de Asociaci\u00f3ns Galegas da R.A., Centro Galicia, Centro Gale- go, Instituto Arxentino-Galego Santiago Ap\u00f3stol, ABC de Corcubi\u00f3n, Cen- tro Betanzos e a Fundaci\u00f3n Xeito Novo, asumimos a obriga hist\u00f3rica de presentar ao conxunto da sociedade galega, mediante o Parlamento de Galicia e os voceiros dos tres grupos parlamentarios: Pedro Puy Fraga, PP; Ana Pont\u00f3n, BNG; Luis Manuel \u00c1lvarez, PsdeG-PSOE; e Miguel \u00c1n- gel Santalices Vieira, Presidente do Parlamento; o Manifesto en favor do Reco\u00f1ecemento de Alfonso Daniel Manuel Rodr\u00edguez Castelao como o \u00abPresidente do Consello de Galiza &#8211; Primeiro Presidente de Galicia\u00bb. Esta petici\u00f3n de reparaci\u00f3n hist\u00f3rica vai fundamentada no propio Manifesto e avalada legalmente polo detallado informe suscrito polo despacho do xu- rista Xo\u00e1n Ant\u00f3n P\u00e9rez Lema.<\/p>\n\n\n\n<p>A pr\u00f3xima celebraci\u00f3n do nacemento de Castelao, Rianxo, 29 de xa- neiro de 1886, \u00e9 unha oportunidade hist\u00f3rica para instalar no conxunto da nosa sociedade e no mundo os valores democr\u00e1ticos, humanistas e de defensa da Nosa Terra que levaron a Castelao \u00e1 presidencia do Consello de Galiza, no exilio porte\u00f1o, en 1944.<\/p>\n\n\n\n<p><\/p>\n\n\n\n<p><strong>Acto completo; Castelao o Primeiro Presidente de Galicia<\/strong><br><\/p>\n\n\n\n<figure class=\"wp-block-embed is-type-video is-provider-youtube wp-block-embed-youtube wp-embed-aspect-16-9 wp-has-aspect-ratio\"><div class=\"wp-block-embed__wrapper\">\n<iframe title=\"Castelao o Primeiro Presidente de Galicia\" width=\"500\" height=\"281\" src=\"https:\/\/www.youtube.com\/embed\/HXbaiL5Y94U?feature=oembed\" frameborder=\"0\" allow=\"accelerometer; autoplay; clipboard-write; encrypted-media; gyroscope; picture-in-picture; web-share\" referrerpolicy=\"strict-origin-when-cross-origin\" allowfullscreen><\/iframe>\n<\/div><\/figure>\n","protected":false},"excerpt":{"rendered":"<p>Intervenci\u00f3n de\u00a0D.\u00a0Xes\u00fas Manuel Su\u00e1rez Garc\u00eda\u00a0(Presidente do PG) O Partido Galeguista e as entidades da emigraci\u00f3n de Buenos Aires (Federaci\u00f3n de Asociaci\u00f3ns Galegas da R.A., Centro Galicia, Centro Gale- go, Instituto Arxentino-Galego Santiago Ap\u00f3stol, ABC de Corcubi\u00f3n, Cen- tro Betanzos e a Fundaci\u00f3n Xeito Novo, asumimos a obriga hist\u00f3rica de presentar ao conxunto da sociedade galega, [&hellip;]<\/p>\n","protected":false},"author":1,"featured_media":4708,"comment_status":"open","ping_status":"open","sticky":false,"template":"","format":"standard","meta":{"saved_in_kubio":false,"footnotes":""},"categories":[1],"tags":[],"class_list":["post-4706","post","type-post","status-publish","format-standard","has-post-thumbnail","hentry","category-novas"],"_links":{"self":[{"href":"https:\/\/partidogaleguista.org\/index.php\/wp-json\/wp\/v2\/posts\/4706","targetHints":{"allow":["GET"]}}],"collection":[{"href":"https:\/\/partidogaleguista.org\/index.php\/wp-json\/wp\/v2\/posts"}],"about":[{"href":"https:\/\/partidogaleguista.org\/index.php\/wp-json\/wp\/v2\/types\/post"}],"author":[{"embeddable":true,"href":"https:\/\/partidogaleguista.org\/index.php\/wp-json\/wp\/v2\/users\/1"}],"replies":[{"embeddable":true,"href":"https:\/\/partidogaleguista.org\/index.php\/wp-json\/wp\/v2\/comments?post=4706"}],"version-history":[{"count":0,"href":"https:\/\/partidogaleguista.org\/index.php\/wp-json\/wp\/v2\/posts\/4706\/revisions"}],"wp:featuredmedia":[{"embeddable":true,"href":"https:\/\/partidogaleguista.org\/index.php\/wp-json\/wp\/v2\/media\/4708"}],"wp:attachment":[{"href":"https:\/\/partidogaleguista.org\/index.php\/wp-json\/wp\/v2\/media?parent=4706"}],"wp:term":[{"taxonomy":"category","embeddable":true,"href":"https:\/\/partidogaleguista.org\/index.php\/wp-json\/wp\/v2\/categories?post=4706"},{"taxonomy":"post_tag","embeddable":true,"href":"https:\/\/partidogaleguista.org\/index.php\/wp-json\/wp\/v2\/tags?post=4706"}],"curies":[{"name":"wp","href":"https:\/\/api.w.org\/{rel}","templated":true}]}}